[{"@context":"https:\/\/schema.org\/","@type":"Article","@id":"https:\/\/www.hodis.cz\/vanoce-ve-svete\/#Article","mainEntityOfPage":"https:\/\/www.hodis.cz\/vanoce-ve-svete\/","headline":"V\u00e1noce ve sv\u011bt\u011b","name":"V\u00e1noce ve sv\u011bt\u011b","description":"V\u00e1no\u010dn\u00ed sv\u00e1tky v\u00a0ka\u017ed\u00e9 kultu\u0159e, st\u00e1tu, ale \u010dastokr\u00e1t i kraji prob\u00edhaj\u00ed zcela odli\u0161n\u011b. V\u00a0tomto \u010dl\u00e1nku si pov\u00edme o p\u016fvodn\u011b k\u0159es\u0165ansk\u00fdch st\u00e1tech, slav\u00edc\u00edch V\u00e1noce, stejn\u011b jako my, konce prosince. V\u00fdjimkou je tedy&hellip;","datePublished":"2019-12-25","dateModified":"2019-12-25","author":{"@type":"Person","@id":"https:\/\/www.hodis.cz\/author\/#Person","name":"","url":"https:\/\/www.hodis.cz\/author\/","identifier":1,"image":{"@type":"ImageObject","@id":"https:\/\/secure.gravatar.com\/avatar\/ade5060b95d9432296fc92debd2ba3136f7a4d727a7bc57afe18c4808c7d7ac9?s=96&d=mm&r=g","url":"https:\/\/secure.gravatar.com\/avatar\/ade5060b95d9432296fc92debd2ba3136f7a4d727a7bc57afe18c4808c7d7ac9?s=96&d=mm&r=g","height":96,"width":96}},"publisher":{"@type":"Organization","name":"hodis.cz","logo":{"@type":"ImageObject","@id":"\/logo.png","url":"\/logo.png","width":600,"height":60}},"image":{"@type":"ImageObject","@id":"https:\/\/www.hodis.cz\/wp-content\/uploads\/img_a364010_w3748_t1576743627.jpg","url":"https:\/\/www.hodis.cz\/wp-content\/uploads\/img_a364010_w3748_t1576743627.jpg","height":0,"width":0},"url":"https:\/\/www.hodis.cz\/vanoce-ve-svete\/","about":["Kultura"],"wordCount":506,"articleBody":"V\u00e1no\u010dn\u00ed sv\u00e1tky v\u00a0ka\u017ed\u00e9 kultu\u0159e, st\u00e1tu, ale \u010dastokr\u00e1t i kraji prob\u00edhaj\u00ed zcela odli\u0161n\u011b. V\u00a0tomto \u010dl\u00e1nku si pov\u00edme o p\u016fvodn\u011b k\u0159es\u0165ansk\u00fdch st\u00e1tech, slav\u00edc\u00edch V\u00e1noce, stejn\u011b jako my, konce prosince. V\u00fdjimkou je tedy pravoslavn\u00e9 Rusko, kam D\u011bda Mr\u00e1z ka\u017edoro\u010dn\u011b zav\u00edt\u00e1v\u00e1 a\u017e 6. a 7. ledna.Jedn\u00edm z\u00a0hlavn\u00edch spole\u010dn\u00fdch znak\u016f \u0160t\u011bdr\u00e9ho dne je ve v\u011bt\u0161in\u011b zem\u00ed pr\u00e1v\u011b slavnostn\u00ed ve\u010de\u0159e, \u010di ob\u011bd na Bo\u017e\u00ed hod v\u00e1no\u010dn\u00ed. Tradi\u010dn\u00edho \u010desk\u00e9ho sma\u017een\u00e9ho kapra m\u00e1me spole\u010dn\u00e9ho se sousedn\u00edm N\u011bmeckem, kde v\u0161ak v\u00a0n\u011bkter\u00fdch regionech preferuj\u00ed sp\u00ed\u0161e pe\u010denou husu.Anglickou obdobou je dob\u0159e zn\u00e1m\u00fd pe\u010den\u00fd krocan s\u00a0n\u00e1divkou a n\u00e1sleduj\u00edc\u00ed dezert v\u00a0podob\u011b pudinku ze su\u0161en\u00e9ho ovoce a aromatick\u00e9ho ko\u0159en\u00ed, spojen\u00e9ho vejci a alkoholem. Z\u00a0evropsk\u00fdch zem\u00ed stoj\u00ed za zm\u00ednku Francie, jej\u00ed\u017e obyvatel\u00e9 se k\u00a0slavnostn\u00ed tabuli usad\u00ed a\u017e po p\u016flno\u010dn\u00ed m\u0161i. Typick\u00fdm j\u00eddlem Francouz\u016f je takt\u00e9\u017e husa, ov\u0161em s\u00a0n\u00e1divkou z\u00a0jedl\u00fdch ka\u0161tan\u016f a sm\u011bsi dal\u0161\u00edho masa, dopln\u011bn\u00e1 \u00fast\u0159icemi, uzen\u00fdm lososem a pala\u010dinkami z\u00a0pohanky. Kapitolou samo o sob\u011b je Polsko. P\u0159i tamn\u00ed \u0161t\u011bdrove\u010dern\u00ed ve\u010de\u0159i se nech\u00e1v\u00e1 jedno m\u00edsto u stolu pr\u00e1zdn\u00e9 pro kolemjdouc\u00edho tul\u00e1ka, proto\u017ee ani ten by nem\u011bl v\u00a0onen ve\u010der z\u016fstat s\u00e1m. Zaj\u00edmavost\u00ed je, \u017ee jejich menu o dvan\u00e1cti chodech neobsahuje maso.Po p\u0159esunut\u00ed za oce\u00e1n se j\u00eddeln\u00ed\u010dek p\u0159\u00edli\u0161 nem\u011bn\u00ed. V\u00a0Peru se pochutnaj\u00ed na nap\u00ednav\u00e9m krocanovi, stejn\u011b takArgentina, kter\u00e9 je tak\u00e9 proslul\u00e1 sv\u00fdmi slan\u00fdmi masov\u00fdmi kol\u00e1\u010di. \u00dasm\u011bvn\u00e1 je p\u0159edstava V\u00e1noc v\u00a0Austr\u00e1lii, kde nen\u00ed v\u00fdjimkou ani prost\u0159en\u00ed pikniku na pl\u00e1\u017ei, nebo\u0165 prosinec je zde jedn\u00edm z\u00a0nejteplej\u0161\u00edch m\u011bs\u00edc\u016f. Alternativou je takov\u00e9 grilov\u00e1n\u00ed, konzervativn\u011bj\u0161\u00ed Australan\u00e9 vol\u00ed jako hlavn\u00ed chod krocana nebo medovou \u0161unku.Tak\u00e9 Obdarov\u00e1v\u00e1n\u00ed bl\u00edzk\u00fdch je nesmrtelnou zvyklost\u00ed a v\u00a0sou\u010dasnosti hlavn\u00edm motivem V\u00e1noc. Ve Spojen\u00fdch st\u00e1tech v\u00a0noci z\u00a024. na 25. prosince ka\u017edou dom\u00e1cnost nav\u0161t\u00edv\u00ed Santa Claus. D\u011btem nad\u011bl\u00ed d\u00e1rky a na opl\u00e1tku si nab\u00eddne p\u0159ipraven\u00e9 su\u0161enky. V\u00a0Anglii m\u00e1 sv\u00e9ho kolegu, p\u0159ezd\u00edv\u00e1 se mu Father Christmas. O n\u011bco komplikovan\u011bj\u0161\u00ed to m\u00e1 It\u00e1lie. N\u011bkter\u00fdm italsk\u00fdm d\u011btem d\u00e1rky p\u0159in\u00e1\u0161\u00ed Babbo Natale, a to p\u0159es celou Evropu, a\u017e z\u00a0Finska. Je podobn\u00fd na\u0161emu Mikul\u00e1\u0161i, m\u00e1 ov\u0161em konkuren\u010dn\u00ed kur\u00fdrku, \u010darodejnici Befatu. Ta je ov\u0161em o n\u011bco pomalej\u0161\u00ed, n\u011bkter\u00e9 d\u011bti si tak rozbaluj\u00ed a\u017e 7. ledna.                                                                                                                                                                                                                                                                                                                                                                                        3.2\/5 - (4 votes)        "},{"@context":"https:\/\/schema.org\/","@type":"BreadcrumbList","itemListElement":[{"@type":"ListItem","position":1,"name":"V\u00e1noce ve sv\u011bt\u011b","item":"https:\/\/www.hodis.cz\/vanoce-ve-svete\/#breadcrumbitem"}]}]