[{"@context":"https:\/\/schema.org\/","@type":"Article","@id":"https:\/\/www.hodis.cz\/nebavi-vas-bydleni-primo-ve-meste\/#Article","mainEntityOfPage":"https:\/\/www.hodis.cz\/nebavi-vas-bydleni-primo-ve-meste\/","headline":"Nebav\u00ed v\u00e1s bydlen\u00ed p\u0159\u00edmo ve m\u011bst\u011b?","name":"Nebav\u00ed v\u00e1s bydlen\u00ed p\u0159\u00edmo ve m\u011bst\u011b?","description":"M\u00e1te ji\u017e dost hust\u00e9 dopravy, kter\u00e1 v\u00e1s ka\u017ed\u00e9 r\u00e1no bud\u00ed? Nebav\u00ed v\u00e1s d\u00edvat se, nam\u00edsto do p\u0159\u00edrody, na st\u0159echy m\u011bstsk\u00fdch dom\u016f, center a panel\u00e1k\u016f? Pot\u0159ebujete klid a svobodu? A\u0165 u\u017e&hellip;","datePublished":"2023-09-17","dateModified":"2023-09-17","author":{"@type":"Person","@id":"https:\/\/www.hodis.cz\/author\/#Person","name":"","url":"https:\/\/www.hodis.cz\/author\/","identifier":1,"image":{"@type":"ImageObject","@id":"https:\/\/secure.gravatar.com\/avatar\/ade5060b95d9432296fc92debd2ba3136f7a4d727a7bc57afe18c4808c7d7ac9?s=96&d=mm&r=g","url":"https:\/\/secure.gravatar.com\/avatar\/ade5060b95d9432296fc92debd2ba3136f7a4d727a7bc57afe18c4808c7d7ac9?s=96&d=mm&r=g","height":96,"width":96}},"publisher":{"@type":"Organization","name":"hodis.cz","logo":{"@type":"ImageObject","@id":"\/logo.png","url":"\/logo.png","width":600,"height":60}},"url":"https:\/\/www.hodis.cz\/nebavi-vas-bydleni-primo-ve-meste\/","wordCount":238,"articleBody":"M\u00e1te ji\u017e dost hust\u00e9 dopravy, kter\u00e1 v\u00e1s ka\u017ed\u00e9 r\u00e1no bud\u00ed? Nebav\u00ed v\u00e1s d\u00edvat se, nam\u00edsto do p\u0159\u00edrody, na st\u0159echy m\u011bstsk\u00fdch dom\u016f, center a panel\u00e1k\u016f? Pot\u0159ebujete klid a svobodu? A\u0165 u\u017e jste jednotlivec, p\u00e1r, \u010di mlad\u00e1 rodina s d\u011btmi, zamilujete si bydlen\u00ed, kter\u00e9 v\u00e1s \u010dek\u00e1 v bytech Praha v\u00fdchod. Okraj hlavn\u00edho m\u011bsta, malebn\u00e9 vesni\u010dky, kde najdete vytou\u017een\u00fd klid a pohodu domova. Neskute\u010dn\u00e1 zele\u0148, v\u00fdhled, kter\u00fd v\u00e1m otev\u0159e nov\u00e9 obzory a modern\u00ed prost\u0159ed\u00ed, ve kter\u00e9m budete m\u00edt ve\u0161ker\u00fd komfort, bezpe\u010d\u00ed a jistotu. Nep\u0159ijdete ani o ob\u010danskou vybavenost, kter\u00e1 v\u00e1m zajist\u00ed va\u0161e dal\u0161\u00ed pot\u0159eby.N\u00e1dech \u010derstv\u00e9 p\u0159\u00edrodyJen si p\u0159edstavte, jak kr\u00e1sn\u011b se v\u00e1m bude v noci sp\u00e1t a r\u00e1no vst\u00e1vat, kdy\u017e p\u0159es otev\u0159en\u00e9 okno na v\u00e1s bude v\u00e1t p\u0159\u00edjemn\u00fd vzduch von\u00edc\u00ed \u010derstvost\u00ed a hodnotn\u00fdm domovem. Zajist\u00e9 o\u017eel\u00edte i hluk motorov\u00fdch vozidel, kter\u00fd by v\u00e1m uprost\u0159ed m\u011bsta znep\u0159\u00edjem\u0148oval \u017eivot. V bytech Praha v\u00fdchod kone\u010dn\u011b najdete prav\u00fd p\u016fvab slova domov a prost\u0159ed\u00ed, kter\u00e9 si je\u0161t\u011b sami dotvo\u0159\u00edte podle sv\u00fdch p\u0159edstav. Pohodu na terase, \u010di balkon\u011b ur\u010dit\u011b za nic na sv\u011bt\u011b nevym\u011bn\u00edte.                                                                                                                                                                                                                                                                                                                                                                                        4.3\/5 - (11 votes)        "},{"@context":"https:\/\/schema.org\/","@type":"BreadcrumbList","itemListElement":[{"@type":"ListItem","position":1,"name":"Nebav\u00ed v\u00e1s bydlen\u00ed p\u0159\u00edmo ve m\u011bst\u011b?","item":"https:\/\/www.hodis.cz\/nebavi-vas-bydleni-primo-ve-meste\/#breadcrumbitem"}]}]